{"id":551,"date":"2025-02-24T09:30:32","date_gmt":"2025-02-24T14:30:32","guid":{"rendered":"https:\/\/memeliamoreira.com\/blog1\/?p=551"},"modified":"2025-02-24T09:30:32","modified_gmt":"2025-02-24T14:30:32","slug":"sabores-da-saudade","status":"publish","type":"post","link":"https:\/\/memeliamoreira.com\/blog1\/2025\/02\/24\/sabores-da-saudade\/","title":{"rendered":"SABORES DA SAUDADE"},"content":{"rendered":"\n<figure class=\"wp-block-image\"><img loading=\"lazy\" decoding=\"async\" width=\"1536\" height=\"2048\" src=\"https:\/\/memeliamoreira.com\/blog1\/wp-content\/uploads\/2025\/02\/480702424_10226383866118397_3965783007385227969_n.jpg\" alt=\"May be an image of smoked salmon\" class=\"wp-image-552\" srcset=\"https:\/\/memeliamoreira.com\/blog1\/wp-content\/uploads\/2025\/02\/480702424_10226383866118397_3965783007385227969_n.jpg 1536w, https:\/\/memeliamoreira.com\/blog1\/wp-content\/uploads\/2025\/02\/480702424_10226383866118397_3965783007385227969_n-225x300.jpg 225w, https:\/\/memeliamoreira.com\/blog1\/wp-content\/uploads\/2025\/02\/480702424_10226383866118397_3965783007385227969_n-384x512.jpg 384w, https:\/\/memeliamoreira.com\/blog1\/wp-content\/uploads\/2025\/02\/480702424_10226383866118397_3965783007385227969_n-768x1024.jpg 768w, https:\/\/memeliamoreira.com\/blog1\/wp-content\/uploads\/2025\/02\/480702424_10226383866118397_3965783007385227969_n-1152x1536.jpg 1152w\" sizes=\"auto, (max-width: 1536px) 100vw, 1536px\" \/><\/figure>\n\n\n\n<p>A saudade \u00e9 bem mais que a aus\u00eancia da presen\u00e7a. Afeta bem mais que a alma. Ela afeta todos os sentidos. Algu\u00e9m sente de sons que n\u00e3o seja m\u00fasica de um momento inesquec\u00edvel?<br>Descobri que a audi\u00e7\u00e3o sente saudades. Ela me atacam nas tardes de domingo. Sinto saudades do grito de gol nas tardes de domingo. O som da vibra\u00e7\u00e3o que se espalhas pelas janelas de uma superquadra. Sinto saudades dos tambores que anunciam o in\u00edcio das festas de Carnaval. Seja nas ruas, seja nos clubes.<br>Dos sete sentidos, quatro chegam a me causar dor quando me atacam. Encolhem meu cora\u00e7\u00e3o e luto para n\u00e3o ser dominada por l\u00e1grimas. A audi\u00e7\u00e3o \u00e9 um deles.<br>O tato me chega quando meu corpo deseja sentir o jorro frio das cachoeiras ou a tepidez dos rios que fazem parte da minha vida. N\u00e3o preciso nem nadar. Fico quietinha deixando o rio escorrer pelo meu corpo. \u00c1s vezes at\u00e9 permito que ele me leve um pouco al\u00e9m do meu ponto de apoio.<br>E \u00e9 nos fins de tarde que o sentido da Vis\u0101o se manifesta. E ent\u00e3o sou afetada pela saudade. Procuro no c\u00e9u as cores do por do sol de Bras\u00edlia ou das beiradas do Araguaia. Aquele alaranjado vibrante que se mescla com o lil\u00e1s e o azul profundo mostrando que a noite est\u00e1 \u00e0 espreita.<br>Mas entre quatro sentidos os que mais me perturbam s\u00e3o o Olfato e Paladar. Eles abrem ferimentos na alma. O cheiro da mata que mistura os verdes como se fosse uma sinfonia. O cheiro de cominho cozinhando um prato qualquer, o cheiro do ar seco da savana.<br>E finalmente o Paladar. E por ele escalo montanhas, nado todas as \u00e1guas ou passo a tarde preparando o prato que transforma minha boca num chafariz de saliva.<br>E foi por isso que hoje, com os mesmos cuidados que se tem ao carregar um rec\u00e9m nascido, fui para a cozinha. Fiz tutu de feij\u00e3o que cozinhei experimentando a cada hora para ficar com a perfeita textura. Lavei o quiabo. Tirei aquela goma que o protege contra o mal-olhado daqueles que torcem o nariz para essa iguaria. Em seguida o couve mereceu cuidados de m\u00e3es que preparam as filhas para o baile de debutantes. Tudo acompanhado por um fil\u00e9 de carne de porco.<br>N\u00e3o satisfeita em cumprir os caprichos do paladar, minha sobremesa foi goiabada casc\u00e3o que minha primog\u00eanita trouxe de presente e que eu como em bocadinhos para que o prazer se estenda por pelo menos mais dois meses. Apaziguada as saudades, fui caminhar sobre o tapete de folhas secas do inverno.<\/p>\n","protected":false},"excerpt":{"rendered":"<p>A saudade \u00e9 bem mais que a aus\u00eancia da presen\u00e7a. Afeta bem mais que a alma. Ela afeta todos os sentidos. Algu\u00e9m sente de sons que n\u00e3o seja m\u00fasica de um momento inesquec\u00edvel?Descobri que a audi\u00e7\u00e3o sente saudades. Ela me atacam nas tardes de domingo. Sinto saudades do grito de gol nas tardes de domingo. [&hellip;]<\/p>\n","protected":false},"author":2,"featured_media":0,"comment_status":"open","ping_status":"","sticky":false,"template":"","format":"standard","meta":{"_s2mail":"yes","footnotes":""},"categories":[3],"tags":[],"class_list":["post-551","post","type-post","status-publish","format-standard","hentry","category-general"],"_links":{"self":[{"href":"https:\/\/memeliamoreira.com\/blog1\/wp-json\/wp\/v2\/posts\/551","targetHints":{"allow":["GET"]}}],"collection":[{"href":"https:\/\/memeliamoreira.com\/blog1\/wp-json\/wp\/v2\/posts"}],"about":[{"href":"https:\/\/memeliamoreira.com\/blog1\/wp-json\/wp\/v2\/types\/post"}],"author":[{"embeddable":true,"href":"https:\/\/memeliamoreira.com\/blog1\/wp-json\/wp\/v2\/users\/2"}],"replies":[{"embeddable":true,"href":"https:\/\/memeliamoreira.com\/blog1\/wp-json\/wp\/v2\/comments?post=551"}],"version-history":[{"count":1,"href":"https:\/\/memeliamoreira.com\/blog1\/wp-json\/wp\/v2\/posts\/551\/revisions"}],"predecessor-version":[{"id":553,"href":"https:\/\/memeliamoreira.com\/blog1\/wp-json\/wp\/v2\/posts\/551\/revisions\/553"}],"wp:attachment":[{"href":"https:\/\/memeliamoreira.com\/blog1\/wp-json\/wp\/v2\/media?parent=551"}],"wp:term":[{"taxonomy":"category","embeddable":true,"href":"https:\/\/memeliamoreira.com\/blog1\/wp-json\/wp\/v2\/categories?post=551"},{"taxonomy":"post_tag","embeddable":true,"href":"https:\/\/memeliamoreira.com\/blog1\/wp-json\/wp\/v2\/tags?post=551"}],"curies":[{"name":"wp","href":"https:\/\/api.w.org\/{rel}","templated":true}]}}