{"id":526,"date":"2024-09-24T13:28:20","date_gmt":"2024-09-24T18:28:20","guid":{"rendered":"https:\/\/memeliamoreira.com\/blog1\/?p=526"},"modified":"2024-09-28T13:32:05","modified_gmt":"2024-09-28T18:32:05","slug":"ministro-e-contraventores-no-mar-egeu-aide-memoire","status":"publish","type":"post","link":"https:\/\/memeliamoreira.com\/blog1\/2024\/09\/24\/ministro-e-contraventores-no-mar-egeu-aide-memoire\/","title":{"rendered":"MINISTRO E CONTRAVENTORES NO MAR EGEU AIDE-M\u00c9MOIRE"},"content":{"rendered":"\n<p><strong><a href=\"https:\/\/www.facebook.com\/hashtag\/att?__eep__=6&amp;__cft__[0]=AZXvpbDgT7RmFHFCWTB2iwRJBFlKEtVCJyeLH7FJufc4rCJgboR6Yh-yz5975vvbfnjJro7gqqwI8uTBp4sbmTZN7kgv9NAPPlcajh75VbFK6WGiouMN5UxDkLxDdWp-rEwRAivvctKYQBe3VMjybKBw&amp;__tn__=*NK-R\">#ATT<\/a> NUNO MARQUES A\/C IMPRENSA EM GERAL<\/strong><\/p>\n\n\n\n<p><\/p>\n\n\n\n<p>Ser\u00e1 que meus coleguinhas jornalistas se esqueceram que al\u00e9m do governador Ronaldo Caiado havia uma outra important\u00edssima figura do mais alto e incontest\u00e1vel poder da Rep\u00fablicano no iate dos contraventores, dois dos quais, foragidos. Al\u00e9m de GUSTTAVO DOIS T\u00caS, dois dos seus amiguinhos com pris\u00e3o decretada e fugidos do Brasil douravam-se ao sol do ver\u00e3o grego.<\/p>\n\n\n\n<p><a><\/a>Voc\u00eas se lembram em plena crise do bloqueio contra as empresas de Musk no Brasil? Lembram-se que NUNO MARQUES votou com ALEXANDRE DE MORAES e, para a vota\u00e7\u00e3o do plen\u00e1rio foi escolhido relator da mat\u00e9ria?<\/p>\n\n\n\n<p>Voc\u00eas se lembram que ele viajou para a Europa em pleno processo. Mais especificamente para a Gr\u00e9cia e que na Gr\u00e9cia foi para Mikonos se encontrar com seu amiguinho DOIS TES, que por sua vez dera guarida para dois foragidos no pr\u00f3pio iate?<\/p>\n\n\n\n<p>Voc\u00eas se lembram que o presidente do STF, ministro Barroso, passou toalhinhas quentes no passeio de NUNO MARQUES dIdizendo que ele foi conhecer &#8220;aspectos jur\u00eddicos de interesse&#8221; em Roma?<\/p>\n\n\n\n<p>E como n\u00f3s, massa ignara sabemos, Roma fica na fronteira de Mikonos, ali onde o Egeu faz a curva e sonha ser Mediterr\u00e2neo.<\/p>\n\n\n\n<p>Hora de especular porque um ministro da mais alta corte do pa\u00eds interrompe o trabalho de relat\u00f3ria de um processo vital para ir a Roma (Roma?) e encontrar amiguinhos num iate.<\/p>\n\n\n\n<p>Quem pagou a viagem? N\u00f3s ou os contraventores?<\/p>\n\n\n\n<p>Qual exatamente o assunto inadi\u00e1vel para um ministro-relator embarca para Roma\/Mikonos exatamente no fim de semana da festa dos contraventores?<\/p>\n\n\n\n<p>O qu\u00ea e com quem NUNO MARQUES conversou nessa festa?<\/p>\n\n\n\n<p>Foi dar &#8220;assessoria jur\u00edd\u00edca&#8221; gratuita ou Midas entrou na jogada?<\/p>\n\n\n\n<p>Acho que n\u00f3s, povo brasileiro precisamos dos devidos esclarecimentios sobre a viagem. Afinal de contas, o sal\u00e1rios, as mordomias e os caprichos dessas autoridades s\u00e3o pagos por n\u00f3s.<\/p>\n","protected":false},"excerpt":{"rendered":"<p>#ATT NUNO MARQUES A\/C IMPRENSA EM GERAL Ser\u00e1 que meus coleguinhas jornalistas se esqueceram que al\u00e9m do governador Ronaldo Caiado havia uma outra important\u00edssima figura do mais alto e incontest\u00e1vel poder da Rep\u00fablicano no iate dos contraventores, dois dos quais, foragidos. Al\u00e9m de GUSTTAVO DOIS T\u00caS, dois dos seus amiguinhos com pris\u00e3o decretada e fugidos [&hellip;]<\/p>\n","protected":false},"author":1,"featured_media":0,"comment_status":"open","ping_status":"","sticky":false,"template":"","format":"standard","meta":{"_s2mail":"yes","footnotes":""},"categories":[3],"tags":[],"class_list":["post-526","post","type-post","status-publish","format-standard","hentry","category-general"],"_links":{"self":[{"href":"https:\/\/memeliamoreira.com\/blog1\/wp-json\/wp\/v2\/posts\/526","targetHints":{"allow":["GET"]}}],"collection":[{"href":"https:\/\/memeliamoreira.com\/blog1\/wp-json\/wp\/v2\/posts"}],"about":[{"href":"https:\/\/memeliamoreira.com\/blog1\/wp-json\/wp\/v2\/types\/post"}],"author":[{"embeddable":true,"href":"https:\/\/memeliamoreira.com\/blog1\/wp-json\/wp\/v2\/users\/1"}],"replies":[{"embeddable":true,"href":"https:\/\/memeliamoreira.com\/blog1\/wp-json\/wp\/v2\/comments?post=526"}],"version-history":[{"count":1,"href":"https:\/\/memeliamoreira.com\/blog1\/wp-json\/wp\/v2\/posts\/526\/revisions"}],"predecessor-version":[{"id":527,"href":"https:\/\/memeliamoreira.com\/blog1\/wp-json\/wp\/v2\/posts\/526\/revisions\/527"}],"wp:attachment":[{"href":"https:\/\/memeliamoreira.com\/blog1\/wp-json\/wp\/v2\/media?parent=526"}],"wp:term":[{"taxonomy":"category","embeddable":true,"href":"https:\/\/memeliamoreira.com\/blog1\/wp-json\/wp\/v2\/categories?post=526"},{"taxonomy":"post_tag","embeddable":true,"href":"https:\/\/memeliamoreira.com\/blog1\/wp-json\/wp\/v2\/tags?post=526"}],"curies":[{"name":"wp","href":"https:\/\/api.w.org\/{rel}","templated":true}]}}