{"id":524,"date":"2024-09-27T13:27:01","date_gmt":"2024-09-27T18:27:01","guid":{"rendered":"https:\/\/memeliamoreira.com\/blog1\/?p=524"},"modified":"2024-09-27T13:27:01","modified_gmt":"2024-09-27T18:27:01","slug":"o-desespero-do-beija-flor","status":"publish","type":"post","link":"https:\/\/memeliamoreira.com\/blog1\/2024\/09\/27\/o-desespero-do-beija-flor\/","title":{"rendered":"O DESESPERO DO BEIJA-FLOR"},"content":{"rendered":"\n<p><\/p>\n\n\n\n<p>(Flashes de um furac\u00e3o)<\/p>\n\n\n\n<p>Era como se Rosa, a m\u00e3e de todos os ventos tivesse reunido toda sua fam\u00edlia. Siroco, Al\u00edsios, Minuano e at\u00e9 o mitol\u00f3gico Z\u00e9firo estavam ali nos meus hectares de felicidade.<\/p>\n\n\n\n<p>E agora, l\u00e1 fora, meu jardim brilha com a luz do sol que hoje se abriu, depois de 15 horas sob a amea\u00e7a de um dos mais fascinantes fen\u00f4menos da Natureza, o furac\u00e3o. Pode ser mortal, deixar rastros de destrui\u00e7\u00e3p, mas sua for\u00e7a fascina.<\/p>\n\n\n\n<p>Ontem quando ele come\u00e7ou <a><\/a>a se espalhar fui ao jardim para abra\u00e7ar o vento. E fiquei de bra\u00e7os abertos por muito tempo at\u00e9 come\u00e7ar a chuva que nem foi t\u00e3o impressionante. Quando abra\u00e7o o vento, me sinto absoluta.<\/p>\n\n\n\n<p>Mas, no meio de toda essa excita\u00e7\u00e3o diante do poder desse fen\u00f4meno, paralisei. Vivi momentos de ang\u00fastia com o desespero de um beija-flor. Ele estava exausto de voar contra a ventania. Procurava um lugar para se abrigar. Abri a porta do jardim de inverno. Fiquei segurando a porta. Ele n\u00e3o entendeu o convite. Voava entre a parede e um galho do carvalho que n\u00e3o oferecia a m\u00ednima prote\u00e7\u00e3o. Eu queria peg\u00e1-lo mas sabia que ele se rebelaria com meu gesto. De repente ele encontrou. Era o entrocamento de dois galhos. Ele cabia direitinho e se aninhou como se tivesse voltado para um \u00fatero.<\/p>\n\n\n\n<p>Relaxei e voltei para abra\u00e7ar o vento novamente quando uma folha seca tentava desesperadamente se manter no ch\u00e3o, sem voos, s\u00f3 se manter no ch\u00e3o para ser arrastada porque ela sabe que sua tarefa a partir de agora \u00e9 se juntar \u00e0s outras folhas secas e criar um manto para proteger o ch\u00e3o contra o frio do inverno. E a folha que j\u00e1 havia perdido um peda\u00e7o, continuava sua luta at\u00e9 que, quanta sorte, encontrou folhas verdes do gramado do jardim e criou seu escudo porque estava presa entre entre elas.<\/p>\n\n\n\n<p>A chuva forte continuava, os ventos permaneciam impiedosos chIcoteando os bambus, os carvalhos, os ip\u00eas.<\/p>\n\n\n\n<p>E agora tudo voltou ao lugar como se apenas uma banda tivesse passado cantando coisas de amor.<\/p>\n","protected":false},"excerpt":{"rendered":"<p>(Flashes de um furac\u00e3o) Era como se Rosa, a m\u00e3e de todos os ventos tivesse reunido toda sua fam\u00edlia. Siroco, Al\u00edsios, Minuano e at\u00e9 o mitol\u00f3gico Z\u00e9firo estavam ali nos meus hectares de felicidade. E agora, l\u00e1 fora, meu jardim brilha com a luz do sol que hoje se abriu, depois de 15 horas sob [&hellip;]<\/p>\n","protected":false},"author":1,"featured_media":0,"comment_status":"open","ping_status":"","sticky":false,"template":"","format":"standard","meta":{"_s2mail":"yes","footnotes":""},"categories":[3],"tags":[],"class_list":["post-524","post","type-post","status-publish","format-standard","hentry","category-general"],"_links":{"self":[{"href":"https:\/\/memeliamoreira.com\/blog1\/wp-json\/wp\/v2\/posts\/524","targetHints":{"allow":["GET"]}}],"collection":[{"href":"https:\/\/memeliamoreira.com\/blog1\/wp-json\/wp\/v2\/posts"}],"about":[{"href":"https:\/\/memeliamoreira.com\/blog1\/wp-json\/wp\/v2\/types\/post"}],"author":[{"embeddable":true,"href":"https:\/\/memeliamoreira.com\/blog1\/wp-json\/wp\/v2\/users\/1"}],"replies":[{"embeddable":true,"href":"https:\/\/memeliamoreira.com\/blog1\/wp-json\/wp\/v2\/comments?post=524"}],"version-history":[{"count":1,"href":"https:\/\/memeliamoreira.com\/blog1\/wp-json\/wp\/v2\/posts\/524\/revisions"}],"predecessor-version":[{"id":525,"href":"https:\/\/memeliamoreira.com\/blog1\/wp-json\/wp\/v2\/posts\/524\/revisions\/525"}],"wp:attachment":[{"href":"https:\/\/memeliamoreira.com\/blog1\/wp-json\/wp\/v2\/media?parent=524"}],"wp:term":[{"taxonomy":"category","embeddable":true,"href":"https:\/\/memeliamoreira.com\/blog1\/wp-json\/wp\/v2\/categories?post=524"},{"taxonomy":"post_tag","embeddable":true,"href":"https:\/\/memeliamoreira.com\/blog1\/wp-json\/wp\/v2\/tags?post=524"}],"curies":[{"name":"wp","href":"https:\/\/api.w.org\/{rel}","templated":true}]}}