{"id":515,"date":"2004-09-20T15:47:00","date_gmt":"2004-09-20T20:47:00","guid":{"rendered":"https:\/\/memeliamoreira.com\/blog1\/?p=515"},"modified":"2024-03-01T15:49:45","modified_gmt":"2024-03-01T20:49:45","slug":"em-busca-da-auto-estima","status":"publish","type":"post","link":"https:\/\/memeliamoreira.com\/blog1\/2004\/09\/20\/em-busca-da-auto-estima\/","title":{"rendered":"EM BUSCA DA AUTO-ESTIMA"},"content":{"rendered":"\n<p>Nenhures, 20 de setembro de 2004<\/p>\n\n\n\n<p>Foi de prop\u00f3sito que deixei para comentar a nova campanha governamental para que o povo brasileiro cultive a auto-estima depois de passada as comemora\u00e7\u00f5es pela independ\u00eancia do Brasil. N\u00e3o queria escrever ainda \u00e0 sombra das bandeiras e, praticamente colunistas de todos os jornais se debru\u00e7aram sobre o assunto.<br>N\u00e3o estou com apetite para entrar na discuss\u00e3o dessa tentativa de retomada do ufanismo, lan\u00e7ada h\u00e1 mais de 30 anos pelo general-presidente, Em\u00edlio Garrastazu M\u00e9dici. Ainda est\u00e3o frescas na nossa mem\u00f3ria slogans tais como &#8220;Pra frente Brasil&#8221;; &#8220;Brasil ame-o ou deixei-o&#8221; e, em alguns casos, chegou-se ao extremo de colar adesivos no carro com a frase &#8220;Brasil acima de tudo&#8221;, literalmente traduzida do original, &#8220;Deutsch \u00fcber alles&#8221;, ou &#8220;Alemanha acima de tudo&#8221;, que era a palavra de ordem do governo de Adolph Hitler e os militantes nazistas.<br>Vamos ficar s\u00f3 nessa nova campanha.<br>Colunistas importantes, de jornais de circula\u00e7\u00e3o nacional avalisaram a campanha lembrando que os franceses saem \u00e0s ruas em festa para comemorar o 14 de julho, data nacional daquele pa\u00eds e que comemora a queda da Bastilha, c\u00e9lebre pris\u00e3o onde eram encarcerados os inimigos dos d\u00e9spotas reis da Fran\u00e7a. Tamb\u00e9m lembraram que nos Estados Unidos, quatro de julho, o Independemce Day \u00e9 festejado com alegria pelo povo norte-americano.<br>Tudo isso \u00e9 bem verdade. E, ao longo dos anos,cheguei a cultivar uma certa inveja dos povos que festejam com tanto fervor suas datas nacionais, saem \u00e1s ruas, cantam, fazem pic-nic, dan\u00e7am.<br>Mas, s\u00f3 para refrescar a mem\u00f3ria, \u00e9 preciso dizer porque tanta alegria de um povo na suas datas nacionais.<br>No 14 de julho de 1789, a c\u00e9lebre Bastilha foi literalmente destru\u00edda em meio a uma revolu\u00e7\u00e3o encabe\u00e7ada pela burguesia e pela intelectualidade francesas, al\u00e9m de elementos do povo que extinguiu o absolutismo, guilhotinou os aristocratas e inaugurou uma nova era na Fran\u00e7a, tornando-a moderna e mais igualit\u00e1ria.<br>O Independence Day tamb\u00e9m \u00e9 fruto de uma revolu\u00e7\u00e3o. Esgotados por uma s\u00e9rie de impostos ditados pela Inglaterra, os norte-americanos, com apoio pol\u00edtico e financeiro dos franceses (que ainda n\u00e3o haviam engolido a derrota contra a Inglaterra na Guerra dos Sete Anos, em 1763) iniciaram um movimento separatista em 1775, travaram batalhas sangrentas e, finalmente, em quatro de julho de 1776, os delegados dos 13 territ\u00f3rios que naquela \u00e9poca formavam os Estados Unidos, declaram sua independ\u00eancia que s\u00f3 \u00e9 recomhecida em 1783, no Tratado de Versailles.<br>E o que dizer de nossa independ\u00eancia?<br>Para come\u00e7ar, os livros de Hist\u00f3ria registram timidamente nossas lutas contra o colonizador. A bandeira n\u00e3o \u00e9 hasteada pela Revolu\u00e7\u00e3o Praieira, pela revolta de Beckman, pelas tantas guerras que enfrentamos. Tiradentes n\u00e3o \u00e9 devidamente cultuado e o 21 de abril, data de seu enforcamento, \u00e9 apenas mais um feriado que tamb\u00e9m festeja o nascimento de Bras\u00edlia.<br>Al\u00e9m disso, o grito de independ\u00eancia foi dado pelo filho do rei que nos dominava, e que n\u00e3o rompeu os la\u00e7os com a col\u00f4nia. Ao contr\u00e1rio, deu o grito e abriu um rombo nas nossas finan\u00e7as porque tivemos que pagar indeniza\u00e7\u00e3o a Portugal depois da independ\u00eancia. Que independ\u00eancia \u00e9 essa que logo no seu primeiro momento cria uma brutal d\u00edvida externa da qual at\u00e9 hoje n\u00e3o nos livramos, a t\u00edtulo de indeniza\u00e7\u00e3o? E eu me pergunto indeniza\u00e7\u00e3o de qu\u00ea? N\u00e3o bastara o saque? E onde estava o povo nesse dia sete de setembro de 1822? N\u00e3o ao lado do pr\u00edncipe regente. Ao lado dele, s\u00f3 as tropas de elite.<br>Essa s\u00e3o as algumas das diferen\u00e7as entre o entusiasmo com o qual franceses e norte-americanos comemoram sua data nacional e a nossa indiferen\u00e7a, quase apatia para irmos \u00e0s ruas festejar o sete de setembro.<br>E esse \u00e9 apenas um fator de auto-estima. O culto \u00e0s lutas, aos her\u00f3is. Muitos dos nossos her\u00f3is foram sepultados em covas rasas e seus nomes sequer constam do caderno de endere\u00e7os do cemit\u00e9rio.<br>N\u00e3o temos raz\u00f5es para segurar a bandeira da auto-estima quando s\u00f3 em s\u00e3o Paulo, a mais rica cidade do Pa\u00eds, 600 mil pessoas vivem em 1.648 corti\u00e7os, al\u00e9m da popula\u00e7\u00e3o das ruas que agora enfrentam um verdadeiro genoc\u00eddio, com 18 mortos entre 17 de agosto a 12 de setembro. Mortos no meio das ruas, de S\u00e3o Paulo, Recife, Belo Horizonte, com sinais evidentes de barb\u00e1rie.<br>N\u00e3o temos raz\u00f5es para cultivar o sentimento de auto-estima quando o Pa\u00eds anualmente disputa o primeiro lugar entre as na\u00e7\u00f5es de maior injusti\u00e7a social do planeta. E de maior concentra\u00e7\u00e3o de terra tamb\u00e9m, criando um expressivo contingente de famintos que terminam sendo recrutados pelas tropas do narcotr\u00e1fico.<br>N\u00e3o temos raz\u00f5es de auto-estima quando sabemos que nossos cientistas e pesquisadores s\u00e3o obrigados a um \u00eaxodo constante porque no Brasil n\u00e3o h\u00e1 qualquer est\u00edmulo \u00e0 pesquisa e os recursos que dveriam ser gastos com educa\u00e7\u00e3o terminan escorando campanhas publicit\u00e1rias e pol\u00edticas para a manuten\u00e7\u00e3o do poder.<br>Auto-estima, ao contr\u00e1rio do que podem pensar marqueteiros da moda e algumas autoridades do Pal\u00e1cio do Planalto, n\u00e3o \u00e9 regra de comportamento determinada por lei, medida provis\u00f3ria ou campanhas publicit\u00e1rias veiculadas pelos meios de comunica\u00e7\u00e3o.<br>Auto-estima \u00e9 tra\u00e7o cultural. \u00c9 conquista e conquista constru\u00edda ao longo da forma\u00e7\u00e3o cultural de cada povo. \u00c9 um trabalho de gera\u00e7\u00f5es e n\u00e3o um modelito novo que se vai usar na primavera que se anuncia&#8230;.<br>Sauda\u00e7\u00f5es<\/p>\n\n\n\n<div class=\"wp-block-comments\">\n\n\n\n\n\n\t<div id=\"respond\" class=\"comment-respond wp-block-post-comments-form\">\n\t\t<h3 id=\"reply-title\" class=\"comment-reply-title\">Leave a Reply<\/h3><p class=\"must-log-in\">You must be <a href=\"https:\/\/memeliamoreira.com\/blog1\/wp-login.php?redirect_to=https%3A%2F%2Fmemeliamoreira.com%2Fblog1%2F2004%2F09%2F20%2Fem-busca-da-auto-estima%2F\">logged in<\/a> to post a comment.<\/p>\t<\/div><!-- #respond -->\n\t\n\n\n<form name=\"s2form\" method=\"post\"><input type=\"hidden\" name=\"ip\" value=\"216.73.216.19\" \/><span style=\"display:none !important\"><label for=\"firstname\">Leave This Blank:<\/label><input type=\"text\" id=\"firstname\" name=\"firstname\" \/><label for=\"lastname\">Leave This Blank Too:<\/label><input type=\"text\" id=\"lastname\" name=\"lastname\" \/><label for=\"uri\">Do Not Change This:<\/label><input type=\"text\" id=\"uri\" name=\"uri\" value=\"http:\/\/\" \/><\/span><p><label for=\"s2email\">Your email:<\/label><br><input type=\"email\" name=\"email\" id=\"s2email\" value=\"Enter email address...\" size=\"20\" onfocus=\"if (this.value === 'Enter email address...') {this.value = '';}\" onblur=\"if (this.value === '') {this.value = 'Enter email address...';}\" \/><\/p><p><input type=\"submit\" name=\"subscribe\" value=\"Subscribe\" \/>&nbsp;<input type=\"submit\" name=\"unsubscribe\" value=\"Unsubscribe\" \/><\/p><\/form>\r\n\n<\/div>\n","protected":false},"excerpt":{"rendered":"<p>Nenhures, 20 de setembro de 2004 Foi de prop\u00f3sito que deixei para comentar a nova campanha governamental para que o povo brasileiro cultive a auto-estima depois de passada as comemora\u00e7\u00f5es pela independ\u00eancia do Brasil. N\u00e3o queria escrever ainda \u00e0 sombra das bandeiras e, praticamente colunistas de todos os jornais se debru\u00e7aram sobre o assunto.N\u00e3o estou [&hellip;]<\/p>\n","protected":false},"author":2,"featured_media":0,"comment_status":"open","ping_status":"","sticky":false,"template":"","format":"standard","meta":{"_s2mail":"yes","footnotes":""},"categories":[3],"tags":[],"class_list":["post-515","post","type-post","status-publish","format-standard","hentry","category-general"],"_links":{"self":[{"href":"https:\/\/memeliamoreira.com\/blog1\/wp-json\/wp\/v2\/posts\/515","targetHints":{"allow":["GET"]}}],"collection":[{"href":"https:\/\/memeliamoreira.com\/blog1\/wp-json\/wp\/v2\/posts"}],"about":[{"href":"https:\/\/memeliamoreira.com\/blog1\/wp-json\/wp\/v2\/types\/post"}],"author":[{"embeddable":true,"href":"https:\/\/memeliamoreira.com\/blog1\/wp-json\/wp\/v2\/users\/2"}],"replies":[{"embeddable":true,"href":"https:\/\/memeliamoreira.com\/blog1\/wp-json\/wp\/v2\/comments?post=515"}],"version-history":[{"count":1,"href":"https:\/\/memeliamoreira.com\/blog1\/wp-json\/wp\/v2\/posts\/515\/revisions"}],"predecessor-version":[{"id":516,"href":"https:\/\/memeliamoreira.com\/blog1\/wp-json\/wp\/v2\/posts\/515\/revisions\/516"}],"wp:attachment":[{"href":"https:\/\/memeliamoreira.com\/blog1\/wp-json\/wp\/v2\/media?parent=515"}],"wp:term":[{"taxonomy":"category","embeddable":true,"href":"https:\/\/memeliamoreira.com\/blog1\/wp-json\/wp\/v2\/categories?post=515"},{"taxonomy":"post_tag","embeddable":true,"href":"https:\/\/memeliamoreira.com\/blog1\/wp-json\/wp\/v2\/tags?post=515"}],"curies":[{"name":"wp","href":"https:\/\/api.w.org\/{rel}","templated":true}]}}