{"id":499,"date":"2024-02-26T09:01:52","date_gmt":"2024-02-26T14:01:52","guid":{"rendered":"https:\/\/memeliamoreira.com\/blog1\/?p=499"},"modified":"2024-02-27T14:54:03","modified_gmt":"2024-02-27T19:54:03","slug":"fim-de-linha-para-biden-netanyahu","status":"publish","type":"post","link":"https:\/\/memeliamoreira.com\/blog1\/2024\/02\/26\/fim-de-linha-para-biden-netanyahu\/","title":{"rendered":"FIM DE LINHA PARA BIDEN\/NETANYAHU"},"content":{"rendered":"\n<p>Nem todo poderoso arsenal b\u00e9lico determina a vit\u00f3ria de um pa\u00eds numa guerra. Porque uma guerra para ser vitoriosa tem necessidade, antes de tudo, da vit\u00f3ria pol\u00edtica. Caso contr\u00e1rio, ser\u00e3o apenas amontoados de mortos chorados e venerados.<\/p>\n\n\n\n<p>Se apenas o arsenal contasse para a vit\u00f3ria, o Vietname, com um milh\u00e3o de mortos teria sido derrotado pelos Estados Unidos, que perdeu 56 mil jovens, naquela guerra preparada por John Kennedy, que morreu em <a><\/a>1963, continuada ferozmente por seu sucessor, Lyndon Johnsohn e que s\u00f3 no governo de Richard Nixon, no come\u00e7o dos anos 70, viu o tratado de paz. Um tratado de paz que foi quase uma rendi\u00e7\u00e3o do pa\u00eds mais armado e poderoso do mundo diante de um povo que at\u00e9 hoje come arroz com duas varetinhas chamadas <a href=\"https:\/\/www.facebook.com\/hashtag\/hashi?__eep__=6&amp;__cft__[0]=AZWmfopJtRyD-a4BPVSsBLYO92K3UD9VfS57TLGI6O3gQZLgx2d30eLRGuj1itHhrF37a2DRWVRJhdcKtSykgY-CldVN4nessaRqb8_zXegPM5WpwJovcj9kjcg2beM6DxM3dV7QcILwbEFI7TnBJGX9&amp;__tn__=*NK-R\">#hashi<\/a>.<\/p>\n\n\n\n<p>Porque a vit\u00f3ria pol\u00edtica \u00e9 o ingrediente priorit\u00e1rio de qualquer guerra. E, politicamente, nessa guerra genocida de Israel\/EUA contra o povo palestino, um povo que sequer tem direito a um Estado, as armas poderosas de Israel, n\u00e3o tem sido suficientes para a rendi\u00e7\u00e3o de um povo que j\u00e1 n\u00e3o tem casa e comida passou a ser artigo de luxo.<\/p>\n\n\n\n<p>Guardem essa data, 25 DE FEVEREIRO, um domingo que parecia ser igual aos outros.<\/p>\n\n\n\n<p>Foi ontem, domingo, 25 de FEVEREIRO DE 2024 que os dirigentes de Israel, Benjamyn Netanyahu e dos Estados Unidos, Joe Biden, come\u00e7aram a dar os passos na estrada da derrota. Foram acontecimentos distintos, mas acontecimentos simb\u00f3licos desses que chacoalham as almas das sociedades.<\/p>\n\n\n\n<p>O primeiro foi de um ineditismo impressionante. Um militar americano da Aeron\u00e1utica, ateou fogo no pr\u00f3prio corpo, em frente \u00e0 embaixada de Israel, em Washington. Conhe\u00e7o a \u00e1rea. \u00c9 chique. Gesto que marcou a guerra do Vietname, quando monges budistas se imolavam nas montanhas do Tibet, seus corpos queimando em protesto contra a guerra do Vietname.<\/p>\n\n\n\n<p>Antes de ser socorrido, o militar americano gritava &#8220;n\u00e3o quero ser c\u00famplice de um genoc\u00eddio&#8221;. Era um grito cansado porque ele estava com dificuldades de respirar. Os servi\u00e7os secretos dos Estados Unidos mant\u00e9m sigilo sobre seu nome e patente e ele est\u00e1 em estado grave, ainda ardendo internamente e caso n\u00e3o consiga sobreviver ao sacrif\u00edcio, as ruas dos Estados Unidos v\u00e3o assistir manifesta\u00e7\u00f5es contra Joe Biden. Manifesta\u00e7\u00f5es que possivelmente o derrotem nas elei\u00e7\u00f5es de novembro.<\/p>\n\n\n\n<p>O mesmo aconteceu com Trump. Em maio de 2020, ele parecia ter uma vit\u00f3ria incontest\u00e1vel para a reelei\u00e7\u00e3o. Mas no dia 26 de maio, sem ar, o negro George Lloyd, com as botas de um policial branco no seu pesco\u00e7o sufocado, dizia, &#8220;eu n\u00e3o consigo respirar&#8221;. Foi o suficiente para levantar um pa\u00eds inteiro. E em 12 de junho, na primeira pesquisa p\u00f3s-Lloyd, Trump estava no tobog\u00e3 que o derrotou.<\/p>\n\n\n\n<p>Portanto, Biden devia acender velas e se preparar.<\/p>\n\n\n\n<p>Horas depois, da tentativa de imola\u00e7\u00e3o do militar americano, em Tel-Aviv, uma multid\u00e3o de manifestantes ocupava as ruas da capital de Israel pedindo o afastamento imediato do primeiro-ministro, o genocida Netanyahu. A manifesta\u00e7\u00e3o foi convocada pelos familiares dos ref\u00e9ns que ainda se encontram nas m\u00e3os do Hamas em local incerto, talvez at\u00e9 em outro pa\u00eds. Eles est\u00e3o h\u00e1 144 dias nas m\u00e3os do inimigo e o pa\u00eds mais armado do Oriente M\u00e9dio n\u00e3o consegue resgat\u00e1-los.<\/p>\n\n\n\n<p>Na manifesta\u00e7\u00e3o, que seguia de forma pac\u00edfica, os israelenses sentiram na pele o \u00f3dio que poreja nos corpos sionistas, notadamente do carniceiro Netanyahu. A pol\u00edcia de Tel-Aviv baixou cassetetada nos manifestantes, g\u00e1s lacrimog\u00eano e g\u00e1s de pimenta eram jogados contra a multid\u00e3o. Familiares dos ref\u00e9ns do Hamas foram presos. Sim, repito, FAMILIARES DOS REF\u00c9NS DO HAMAS FORAM PRESOS pelos policiais de Israel porque carregavam cartazes exigindo todos os esfor\u00e7os para trazer os filhos de volta para casa.<\/p>\n\n\n\n<p>Esses dois acontecimentos marcam a derrota pol\u00edtica dos senhores da guerra. A depender da sobrevIv\u00eancia do militar que tocou fogo no corpo, caso aconte\u00e7a o pior, Joe e Jill j\u00e1 devem come\u00e7ar a encaixotar seus pertences pessoais e marcar a passagem de volta a Newwark.<\/p>\n\n\n\n<p>Quanto a Netanyahu, esse, a cada dia assiste a derrocada de seu sonho poder absolutista.<\/p>\n\n\n\n<p>Porque a guerra, como muitos outros atos, at\u00e9 aqueles que parecem in\u00fateis, est\u00e1 sempre condicionada \u00e0 vit\u00f3ria pol\u00edtica.<\/p>\n\n\n\t<div id=\"respond\" class=\"comment-respond wp-block-post-comments-form\">\n\t\t<h3 id=\"reply-title\" class=\"comment-reply-title\">Leave a Reply<\/h3><p class=\"must-log-in\">You must be <a href=\"https:\/\/memeliamoreira.com\/blog1\/wp-login.php?redirect_to=https%3A%2F%2Fmemeliamoreira.com%2Fblog1%2F2024%2F02%2F26%2Ffim-de-linha-para-biden-netanyahu%2F\">logged in<\/a> to post a comment.<\/p>\t<\/div><!-- #respond -->\n\t\n\n\n<form name=\"s2form\" method=\"post\"><input type=\"hidden\" name=\"ip\" value=\"216.73.216.19\" \/><span style=\"display:none !important\"><label for=\"firstname\">Leave This Blank:<\/label><input type=\"text\" id=\"firstname\" name=\"firstname\" \/><label for=\"lastname\">Leave This Blank Too:<\/label><input type=\"text\" id=\"lastname\" name=\"lastname\" \/><label for=\"uri\">Do Not Change This:<\/label><input type=\"text\" id=\"uri\" name=\"uri\" value=\"http:\/\/\" \/><\/span><p><label for=\"s2email\">Your email:<\/label><br><input type=\"email\" name=\"email\" id=\"s2email\" value=\"Enter email address...\" size=\"20\" onfocus=\"if (this.value === 'Enter email address...') {this.value = '';}\" onblur=\"if (this.value === '') {this.value = 'Enter email address...';}\" \/><\/p><p><input type=\"submit\" name=\"subscribe\" value=\"Subscribe\" \/>&nbsp;<input type=\"submit\" name=\"unsubscribe\" value=\"Unsubscribe\" \/><\/p><\/form>\r\n\n","protected":false},"excerpt":{"rendered":"<p>Nem todo poderoso arsenal b\u00e9lico determina a vit\u00f3ria de um pa\u00eds numa guerra. Porque uma guerra para ser vitoriosa tem necessidade, antes de tudo, da vit\u00f3ria pol\u00edtica. Caso contr\u00e1rio, ser\u00e3o apenas amontoados de mortos chorados e venerados. Se apenas o arsenal contasse para a vit\u00f3ria, o Vietname, com um milh\u00e3o de mortos teria sido derrotado [&hellip;]<\/p>\n","protected":false},"author":2,"featured_media":0,"comment_status":"open","ping_status":"","sticky":false,"template":"","format":"standard","meta":{"_s2mail":"yes","footnotes":""},"categories":[3],"tags":[],"class_list":["post-499","post","type-post","status-publish","format-standard","hentry","category-general"],"_links":{"self":[{"href":"https:\/\/memeliamoreira.com\/blog1\/wp-json\/wp\/v2\/posts\/499","targetHints":{"allow":["GET"]}}],"collection":[{"href":"https:\/\/memeliamoreira.com\/blog1\/wp-json\/wp\/v2\/posts"}],"about":[{"href":"https:\/\/memeliamoreira.com\/blog1\/wp-json\/wp\/v2\/types\/post"}],"author":[{"embeddable":true,"href":"https:\/\/memeliamoreira.com\/blog1\/wp-json\/wp\/v2\/users\/2"}],"replies":[{"embeddable":true,"href":"https:\/\/memeliamoreira.com\/blog1\/wp-json\/wp\/v2\/comments?post=499"}],"version-history":[{"count":3,"href":"https:\/\/memeliamoreira.com\/blog1\/wp-json\/wp\/v2\/posts\/499\/revisions"}],"predecessor-version":[{"id":509,"href":"https:\/\/memeliamoreira.com\/blog1\/wp-json\/wp\/v2\/posts\/499\/revisions\/509"}],"wp:attachment":[{"href":"https:\/\/memeliamoreira.com\/blog1\/wp-json\/wp\/v2\/media?parent=499"}],"wp:term":[{"taxonomy":"category","embeddable":true,"href":"https:\/\/memeliamoreira.com\/blog1\/wp-json\/wp\/v2\/categories?post=499"},{"taxonomy":"post_tag","embeddable":true,"href":"https:\/\/memeliamoreira.com\/blog1\/wp-json\/wp\/v2\/tags?post=499"}],"curies":[{"name":"wp","href":"https:\/\/api.w.org\/{rel}","templated":true}]}}