{"id":484,"date":"2024-02-25T15:09:42","date_gmt":"2024-02-25T20:09:42","guid":{"rendered":"https:\/\/memeliamoreira.com\/blog1\/?p=484"},"modified":"2024-02-27T14:55:54","modified_gmt":"2024-02-27T19:55:54","slug":"a-cumplicidade-de-um-santo-bispo","status":"publish","type":"post","link":"https:\/\/memeliamoreira.com\/blog1\/2024\/02\/25\/a-cumplicidade-de-um-santo-bispo\/","title":{"rendered":"A CUMPLICIDADE DE UM SANTO BISPO"},"content":{"rendered":"\n<figure class=\"wp-block-image size-large\"><img loading=\"lazy\" decoding=\"async\" width=\"410\" height=\"512\" src=\"https:\/\/memeliamoreira.com\/blog1\/wp-content\/uploads\/2024\/02\/Bishop-410x512.jpg\" alt=\"\" class=\"wp-image-485\" srcset=\"https:\/\/memeliamoreira.com\/blog1\/wp-content\/uploads\/2024\/02\/Bishop-410x512.jpg 410w, https:\/\/memeliamoreira.com\/blog1\/wp-content\/uploads\/2024\/02\/Bishop-240x300.jpg 240w, https:\/\/memeliamoreira.com\/blog1\/wp-content\/uploads\/2024\/02\/Bishop-768x960.jpg 768w, https:\/\/memeliamoreira.com\/blog1\/wp-content\/uploads\/2024\/02\/Bishop-1229x1536.jpg 1229w, https:\/\/memeliamoreira.com\/blog1\/wp-content\/uploads\/2024\/02\/Bishop.jpg 1440w\" sizes=\"auto, (max-width: 410px) 100vw, 410px\" \/><\/figure>\n\n\n\n<p>A\u00ed est\u00e3o dois personagens da luta de defesa dos camponeses do sul do Par\u00e1. Os padres Ricardo Rezende e Aristides Camio. Os dois enfrentarem a ira dos pistoleiros e do Estado brasileiro sempre conivente ou c\u00famplice de grande grileiros, fazendeiros e madereiros que infestam uma das mais conflitadas regi\u00f5es do pa\u00eds. Ricardo escapou de muitas emboscadas de pistoleiros, Aristides, e seu colega Fran\u00e7ois Gouruiu, sentiu a m\u00e3o cruel do Estado quando <a><\/a>foram encarcerados e acusados de incitar a luta de classes. No caso, porque estavam ao lado dos camponeses, muitos deles assassinados por pistoleiros, e as sempre aliadas for\u00e7as policiais do Estado.<\/p>\n\n\n\n<p>No di\u00e1logo entre esses homens que viviam se desviando das balas e amea\u00e7as de morte, eles se referem a uma das muitas loucuras que fiz em defesa da &#8220;terra para quem nela trabalha&#8221; e em nome de um jornalismo que buscava equil\u00edbrio da informa\u00e7\u00f5es &#8220;oficiais&#8221; e a dos povos esquecidos e inivisibilizados pela imprensa.<\/p>\n\n\n\n<p>Minha loucura tinha a ben\u00e7\u00e3o da Igreja Cat\u00f3lica, religi\u00e3o na qual fui educada, igreja que respeito por sua resist\u00eancia contra os dominadores. No caso espec\u00edfico, n\u00e3o apenas a ben\u00e7\u00e3o, mas a cumplicidade de um homem, o bispo DOM LUCIANO MENDFES DE ALMEIDA que ,\u00e0 \u00e9poca dos fatos, era secret\u00e1rio-geral da poderosa CONFER\u00caNCIA NACIONAL DOS BISPOS DO BRASIL, a quem sou agradecida inclusive pela integridade f\u00edsica de minhas filhas quando fui amea\u00e7ada pelas bombas da direita, em 1978.<\/p>\n\n\n\n<p>Igual a tantas outras aventuras, quase sempre perigosas, que vivi, essa tamb\u00e9m tem sua cota de com\u00e9dia.<\/p>\n\n\n\n<p>Os mission\u00e1rios franceses, Aristides Camio e Fran\u00e7ois Gouriou tinham sido presos. Tudo porque na celebra\u00e7\u00e3o da missa, em S\u00e3o Geral do Araguaia, c\u00e9lebre por ter sido a sede de uma das mais aguerridas guerrilhas rurais do Brasil, Camio se referindo \u00e0 impot\u00eancia dos camponeses contra os fazendeiros e pistoleiros disse, &#8220;um marimbondo sozinho n\u00e3o faz nada. Muitos marimbondos juntos incomodam&#8221;. A frase foi suficiente para que os dois ca\u00edssem nas garras do Estado.<\/p>\n\n\n\n<p>Os presos foram transferidos para a carceragem da Pol\u00edcia Federal em Bras\u00edlia.<\/p>\n\n\n\n<p>Numa sexta-feira, na sala de imprensa da CNBB, Dom Luciano disse que visitaria os presos no dia seguinte. Escrevi minha mat\u00e9ria ali mesmo e fui tomar caf\u00e9 com as freiras que fazam deliciosos biscoitos. Sentadinho e quieto numa das mesas do refeit\u00f3rio, Dom Luciano fazia seu lanche da tarde. Ora, meu instinto jornal\u00edstico disse &#8220;\u00d4ba, \u00e9 agora&#8221;. Dom Luciano gostava muito de mim. Sentei perto dele e, como se fosse muito simples, disse, &#8220;Dom Luciano, eu vou com o senhor visitar os padres presos&#8221;.<\/p>\n\n\n\n<p>Na sua santa quietude, ele me olhou como se eu anunciasse a disposi\u00e7\u00e3o de incendiar Bras\u00edlia. N\u00e3o e n\u00e3o, ele respondeu.<\/p>\n\n\n\n<p>Choraminguei, reclamei da vida, falei que assumiria toda responsabilidade, \u00e7a v\u00e1 sans dire, s\u00f3 faltei me ajoelhar para beijar a m\u00e3o do bispo.<\/p>\n\n\n\n<p>E ele, imp\u00e1vido colosso, parecia inating\u00edvel quando, de repente, quem sabe o &#8216;Esp\u00edrito Santo&#8221; estivesse ali por perto, perguntou. &#8220;E como vamos fazer?&#8221;, Youpiiiiiiiii!, meu grito de guerra ressoou pelos corredores da CNBB. Deve ter sido inclusive ouvido na Nunciatura Apost\u00f3lica, constru\u00edda ao lado do p\u00e9dio da CNBB.<\/p>\n\n\n\n<p>Eu j\u00e1 tinhao figurino certo. E respondi, &#8220;ora, vou vestida de mission\u00e1ria que trabalha nos confins da \u00c1frica&#8221;. Claro que Dom Luciano achou impossivel porque sempre me vesti feito hippie, bem colorida, saias largas e t\u00fanicas, cheia de colares e chap\u00e9u.<\/p>\n\n\n\n<p>Dom Luciano duvidando, disse, &#8220;tudo certo, mas vamos juntos para ver se aprovo essa sua roupa de mission\u00e1ria&#8221;. A visita come\u00e7aria \u00e0s duas da tarde.<\/p>\n\n\n\n<p>Pouco depois do meio-dia, telefonei para meu jornal (Foha de S\u00e3o Paulo) e disse, &#8220;olha, se voc\u00eas nao tiverem pressa, \u00e0s cinco tenho mat\u00e9ria exclusiva e explosiva&#8221;. N\u00e3o adiantei o assunto, mas contei com a confian\u00e7a que eles depositavam em mim.<\/p>\n\n\n\n<p>De saia preta estampada de delicadas florezinhas brancas, blusa branca com vi\u00e9s preto e bot\u00f5es pretos, cabelo com um coque de secret\u00e1ria executiva do Banco Mundial, um belo crucifixo em \u00f4nix que mam\u00e3e tinha comprado na Espanha, uma B\u00edblia pequenina e preta na m\u00e3o. Comprei numa livraria no caminho. Bolsa preta com meus documentos, dinheiro para t\u00e1xi e um ter\u00e7o.<\/p>\n\n\n\n<p>Dom Luciano riu discretamente e s\u00f3 faltou abrir a boca de espanto. Mas, no fundo ele sabia da minha capacidade de ser quem quero ser.<\/p>\n\n\n\n<p>Passamos tranquilos pela vistoria da PF. Ainda disse am\u00e9m com as m\u00e3os juntas quando o mo\u00e7o da PF fechou a bolsa de t\u00e3o inocente conte\u00fado.<\/p>\n\n\n\n<p>Minha mem\u00f3ria \u00e9 boa. N\u00e3o precisava de l\u00e1pis ou papel para anotar todas as informa\u00e7\u00f5es.<\/p>\n\n\n\n<p>Na sala onde os padres estavam presos, um in\u00edcio de conversa absolutamente protocolar. Cinco minutos depois, comecei as perguntas. E foram muitas. Meu Deus do c\u00e9u, eu tinha um diamante bruto na minha m\u00e3o e a cabe\u00e7a num furioso redemoinho de letras e frases se encaixando.<\/p>\n\n\n\n<p>Padre Novack, que dirigia o carro da CNBB com Dom Luciano, me deixou na esquina do jornal e, no domingo, a &#8220;Folha de S\u00e3o Paulo&#8221; anunciava em letras grandes e pequenas que o morto durante a emboscada que os camponeses fizeram n\u00e3o era um policial militar do Par\u00e1. Era pistoleiro dos grileiros que expulsavam os camponeses sem terra. Era a prova expl\u00edcita de que os agentes do Estado serviam aos interesses dos selvagens fazendeiros,<\/p>\n\n\n\n<p>E eu, que nem estava de plant\u00e3o naquele s\u00e1bado de aventura, no domingo li a mat\u00e9ria que estava bem tratada, li os jornais do dia na banca da esquina, peguei minhas filhotas e fui para clube, com a consci\u00eancia de dever cumprido*<\/p>\n\n\n\n<p>*Muito cedo, bem antes dos 20 anos, honrando a tradi\u00e7\u00e3o de minha fam\u013aia, fiz minha profiss\u00e3o de f\u00e9 para a vida. A de defender os dominados contra os dominadores. Fossem quem fossem. E continuo leal a esse prnc\u00edpio,<\/p>\n\n\n\t<div id=\"respond\" class=\"comment-respond wp-block-post-comments-form\">\n\t\t<h3 id=\"reply-title\" class=\"comment-reply-title\">Leave a Reply<\/h3><p class=\"must-log-in\">You must be <a href=\"https:\/\/memeliamoreira.com\/blog1\/wp-login.php?redirect_to=https%3A%2F%2Fmemeliamoreira.com%2Fblog1%2F2024%2F02%2F25%2Fa-cumplicidade-de-um-santo-bispo%2F\">logged in<\/a> to post a comment.<\/p>\t<\/div><!-- #respond -->\n\t\n\n\n<form name=\"s2form\" method=\"post\"><input type=\"hidden\" name=\"ip\" value=\"216.73.216.19\" \/><span style=\"display:none !important\"><label for=\"firstname\">Leave This Blank:<\/label><input type=\"text\" id=\"firstname\" name=\"firstname\" \/><label for=\"lastname\">Leave This Blank Too:<\/label><input type=\"text\" id=\"lastname\" name=\"lastname\" \/><label for=\"uri\">Do Not Change This:<\/label><input type=\"text\" id=\"uri\" name=\"uri\" value=\"http:\/\/\" \/><\/span><p><label for=\"s2email\">Your email:<\/label><br><input type=\"email\" name=\"email\" id=\"s2email\" value=\"Enter email address...\" size=\"20\" onfocus=\"if (this.value === 'Enter email address...') {this.value = '';}\" onblur=\"if (this.value === '') {this.value = 'Enter email address...';}\" \/><\/p><p><input type=\"submit\" name=\"subscribe\" value=\"Subscribe\" \/>&nbsp;<input type=\"submit\" name=\"unsubscribe\" value=\"Unsubscribe\" \/><\/p><\/form>\r\n\n","protected":false},"excerpt":{"rendered":"<p>A\u00ed est\u00e3o dois personagens da luta de defesa dos camponeses do sul do Par\u00e1. Os padres Ricardo Rezende e Aristides Camio. Os dois enfrentarem a ira dos pistoleiros e do Estado brasileiro sempre conivente ou c\u00famplice de grande grileiros, fazendeiros e madereiros que infestam uma das mais conflitadas regi\u00f5es do pa\u00eds. Ricardo escapou de muitas [&hellip;]<\/p>\n","protected":false},"author":2,"featured_media":0,"comment_status":"open","ping_status":"","sticky":false,"template":"","format":"standard","meta":{"_s2mail":"yes","footnotes":""},"categories":[3],"tags":[],"class_list":["post-484","post","type-post","status-publish","format-standard","hentry","category-general"],"_links":{"self":[{"href":"https:\/\/memeliamoreira.com\/blog1\/wp-json\/wp\/v2\/posts\/484","targetHints":{"allow":["GET"]}}],"collection":[{"href":"https:\/\/memeliamoreira.com\/blog1\/wp-json\/wp\/v2\/posts"}],"about":[{"href":"https:\/\/memeliamoreira.com\/blog1\/wp-json\/wp\/v2\/types\/post"}],"author":[{"embeddable":true,"href":"https:\/\/memeliamoreira.com\/blog1\/wp-json\/wp\/v2\/users\/2"}],"replies":[{"embeddable":true,"href":"https:\/\/memeliamoreira.com\/blog1\/wp-json\/wp\/v2\/comments?post=484"}],"version-history":[{"count":4,"href":"https:\/\/memeliamoreira.com\/blog1\/wp-json\/wp\/v2\/posts\/484\/revisions"}],"predecessor-version":[{"id":510,"href":"https:\/\/memeliamoreira.com\/blog1\/wp-json\/wp\/v2\/posts\/484\/revisions\/510"}],"wp:attachment":[{"href":"https:\/\/memeliamoreira.com\/blog1\/wp-json\/wp\/v2\/media?parent=484"}],"wp:term":[{"taxonomy":"category","embeddable":true,"href":"https:\/\/memeliamoreira.com\/blog1\/wp-json\/wp\/v2\/categories?post=484"},{"taxonomy":"post_tag","embeddable":true,"href":"https:\/\/memeliamoreira.com\/blog1\/wp-json\/wp\/v2\/tags?post=484"}],"curies":[{"name":"wp","href":"https:\/\/api.w.org\/{rel}","templated":true}]}}