{"id":477,"date":"2024-02-12T12:50:06","date_gmt":"2024-02-12T17:50:06","guid":{"rendered":"https:\/\/memeliamoreira.com\/blog1\/?p=477"},"modified":"2024-02-27T14:38:02","modified_gmt":"2024-02-27T19:38:02","slug":"matriarca-entre-mares-e-montanhas","status":"publish","type":"post","link":"https:\/\/memeliamoreira.com\/blog1\/2024\/02\/12\/matriarca-entre-mares-e-montanhas\/","title":{"rendered":"MATRIARCA ENTRE MARES E MONTANHAS"},"content":{"rendered":"\n<figure class=\"wp-block-image size-large\"><img loading=\"lazy\" decoding=\"async\" width=\"512\" height=\"379\" src=\"https:\/\/memeliamoreira.com\/blog1\/wp-content\/uploads\/2024\/02\/Terci2-1-512x379.jpg\" alt=\"\" class=\"wp-image-479\" srcset=\"https:\/\/memeliamoreira.com\/blog1\/wp-content\/uploads\/2024\/02\/Terci2-1-512x379.jpg 512w, https:\/\/memeliamoreira.com\/blog1\/wp-content\/uploads\/2024\/02\/Terci2-1-300x222.jpg 300w, https:\/\/memeliamoreira.com\/blog1\/wp-content\/uploads\/2024\/02\/Terci2-1.jpg 600w\" sizes=\"auto, (max-width: 512px) 100vw, 512px\" \/><\/figure>\n\n\n\n<p>Mam\u00e3e no gramado do Hotel Nacional em Bras\u00edlia, 33 anos<\/p>\n\n\n\n<p>Quando uso a palavra <a href=\"https:\/\/www.facebook.com\/hashtag\/matriarca?__eep__=6&amp;__cft__[0]=AZXj-8xhBoTRfLD6Fo8GJkJudPs5VJ9DBqVuBberG75o1sG5imcdQ3EV1LRlFmQJl6a3m_iEleVOMIrL1LPTJJ7sCbnucEUU_G9ZcSxvid07nOMwewdLXvV-SAuyKtH13MuPjGD-A9VD1jSeGal1SEZFIcEqdgaRGjl8BMaVv4Uw4-N_vLpW7-Wo5_kdqawcLv8&amp;__tn__=*NK-R\">#matriarca<\/a>, na maioria das vezes, estou me referindo \u00e0 minha m\u00e3e. Hoje \u00e9 seu anivers\u00e1rio. Ela faria 94 anos. Chegaria a 100, segundo m\u00e9dicos brasileiros e os de al\u00e9m mar. Morreu aos 92 por culpa de um v\u00edrus que se espalhou porque um governante com puls\u00e3o de morte, n\u00e3o queria vacina para o povo.<\/p>\n\n\n\n<p><\/p>\n\n\n\n<p>Mas hoje \u00e9 anivers\u00e1rio de mam\u00e3e e eu quero celebrar a vida dessa mulher gloriosa, elegante, aristocr\u00e1tica e que tinha fome de <a><\/a>saber. Devorava livros e gostava de farinha e carne de sol. E, acima de tudo, foi m\u00e3e que nunca terceirizou a educa\u00e7\u00e3o dos filhos. Sempre esteve presente, mas n\u00e3o ia \u00e0s reuni\u00f5es de pais e professores. E concordava com ela. Quase t\u00e3o chatas quanto reuni\u00e3o de condom\u00ednio.<\/p>\n\n\n\n<p>Totalmente desafinada, foi ela quem me ensinou a cantar m\u00fasicas de sua inf\u00e2ncia e tamb\u00e9m samba-can\u00e7\u00e3o, valsas, cirandas, tangos e at\u00e9 samba. Gostava de Elvis Presley e at\u00e9 sabia dan\u00e7ar twist. Ensinei mam\u00e3e a gostar e a dan\u00e7ar rock. Ela se divertia comigo. \u00c0s vezes me telefonava e quando eu perguntava se estava tudo bem ela dizia, &#8220;estou ligando s\u00f3 porque voc\u00ea me faz rir quando conversamos&#8221;.<\/p>\n\n\n\n<p>Mam\u00e3e devorava livros e me levou para esse caminho de v\u00edcio, sonhos e fantasias e saberes. Adorava dan\u00e7ar e, sempre se fantasiava no Carnaval.<\/p>\n\n\n\n<p>Torcedora fan\u00e1tica do Flamengo, ela fechava a janela e a porta do seu quarto, ficava na escurid\u00e3o, TV ligada. Na hora do gol ela berrava. Por isso se escondia tanto. Alucinava, xingava o ju\u00edz. Enfim&#8230;<\/p>\n\n\n\n<p>Mas o que ela gostava mesmo era de viajar. Dos Andes aos Alpes, dona Terci tamb\u00e9m cruzou muitos mares, o Egeu, o Adri\u00e1tico, o Mediterr\u00e2neo, o Caribe, o Mancha, o gollfo do M\u00e9xico e tantos portos e ba\u00edas.<\/p>\n\n\n\n<p>Mam\u00e3e era muitas. A minha \u00e9 essa, a da mulher intelectualmente cultivada, modos refinados, militante e apaixonada pela vida.<\/p>\n\n\n\n<p>Trouxe aqui fotos de mam\u00e3e pelo mundo. S\u00f3 n\u00e3o encontrei uma em Budapest, onde estivemos no inverno de 91, em Londres, Edimburgh e em Verona, onde eu baixei o AI-5 para ela se debru\u00e7ar na sacada de Julieta. E n\u00f3s duas repetimos as falas de Shakespeare. Eu era o Romeu e ela estava morrendo de frio.<\/p>\n\n\n\n<p>N\u00e3o procurei porque s\u00e3o duas caixas com mais de cinco mil fotos da matriarca pelo planeta. Ela pretendia at\u00e9 mesmo fazer uma viagem espacial, mas eu controlava esse desvario porque era bem capaz que ela fosse escavar as crateras da lua.<\/p>\n\n\n\n<p>N\u00e3o duvidem.<\/p>\n\n\n\n<p>FELIZ ANIVERS\u00c1RIO, m\u00e3e!<\/p>\n\n\n\n<p><\/p>\n","protected":false},"excerpt":{"rendered":"<p>Mam\u00e3e no gramado do Hotel Nacional em Bras\u00edlia, 33 anos Quando uso a palavra #matriarca, na maioria das vezes, estou me referindo \u00e0 minha m\u00e3e. Hoje \u00e9 seu anivers\u00e1rio. Ela faria 94 anos. Chegaria a 100, segundo m\u00e9dicos brasileiros e os de al\u00e9m mar. Morreu aos 92 por culpa de um v\u00edrus que se espalhou [&hellip;]<\/p>\n","protected":false},"author":2,"featured_media":0,"comment_status":"open","ping_status":"","sticky":false,"template":"","format":"standard","meta":{"_s2mail":"yes","footnotes":""},"categories":[3],"tags":[],"class_list":["post-477","post","type-post","status-publish","format-standard","hentry","category-general"],"_links":{"self":[{"href":"https:\/\/memeliamoreira.com\/blog1\/wp-json\/wp\/v2\/posts\/477","targetHints":{"allow":["GET"]}}],"collection":[{"href":"https:\/\/memeliamoreira.com\/blog1\/wp-json\/wp\/v2\/posts"}],"about":[{"href":"https:\/\/memeliamoreira.com\/blog1\/wp-json\/wp\/v2\/types\/post"}],"author":[{"embeddable":true,"href":"https:\/\/memeliamoreira.com\/blog1\/wp-json\/wp\/v2\/users\/2"}],"replies":[{"embeddable":true,"href":"https:\/\/memeliamoreira.com\/blog1\/wp-json\/wp\/v2\/comments?post=477"}],"version-history":[{"count":1,"href":"https:\/\/memeliamoreira.com\/blog1\/wp-json\/wp\/v2\/posts\/477\/revisions"}],"predecessor-version":[{"id":480,"href":"https:\/\/memeliamoreira.com\/blog1\/wp-json\/wp\/v2\/posts\/477\/revisions\/480"}],"wp:attachment":[{"href":"https:\/\/memeliamoreira.com\/blog1\/wp-json\/wp\/v2\/media?parent=477"}],"wp:term":[{"taxonomy":"category","embeddable":true,"href":"https:\/\/memeliamoreira.com\/blog1\/wp-json\/wp\/v2\/categories?post=477"},{"taxonomy":"post_tag","embeddable":true,"href":"https:\/\/memeliamoreira.com\/blog1\/wp-json\/wp\/v2\/tags?post=477"}],"curies":[{"name":"wp","href":"https:\/\/api.w.org\/{rel}","templated":true}]}}