{"id":472,"date":"2024-02-13T12:23:32","date_gmt":"2024-02-13T17:23:32","guid":{"rendered":"https:\/\/memeliamoreira.com\/blog1\/?p=472"},"modified":"2024-02-22T12:29:08","modified_gmt":"2024-02-22T17:29:08","slug":"mamae-em-veneza","status":"publish","type":"post","link":"https:\/\/memeliamoreira.com\/blog1\/2024\/02\/13\/mamae-em-veneza\/","title":{"rendered":"MAM\u00c3E EM VENEZA"},"content":{"rendered":"\n<figure class=\"wp-block-image size-large\"><img loading=\"lazy\" decoding=\"async\" width=\"512\" height=\"347\" src=\"https:\/\/memeliamoreira.com\/blog1\/wp-content\/uploads\/2024\/02\/terci-512x347.jpg\" alt=\"\" class=\"wp-image-475\" srcset=\"https:\/\/memeliamoreira.com\/blog1\/wp-content\/uploads\/2024\/02\/terci-512x347.jpg 512w, https:\/\/memeliamoreira.com\/blog1\/wp-content\/uploads\/2024\/02\/terci-300x204.jpg 300w, https:\/\/memeliamoreira.com\/blog1\/wp-content\/uploads\/2024\/02\/terci.jpg 582w\" sizes=\"auto, (max-width: 512px) 100vw, 512px\" \/><\/figure>\n\n\n\n<p>Budapest sempre foi uma cidade que me atra\u00edu. O fato de saber que em 1900, aquela cidade vibrante abrigava 19 jornais di\u00e1rios, al\u00e9m de ser a terra de tantos escritores que me fascinam, s\u00e3o motivos suficientes.<\/p>\n\n\n\n<p>Estava com mam\u00e3e em Paris e decidimos ir a Viena, que fica a tr\u00eas horas de Budapest. Al\u00e9m disso, eu tinha uma &#8220;tarefa&#8221; pol\u00edtica. N\u00e3o falei da tarefa para ela. E nem podia. Era um tanto arriscada. Insisti muito para irmos \u00e0 capital daquele pa\u00eds cuja l\u00edngua <a><\/a>\u00e9 al\u00f3fila e, segundo Chico Buarque, &#8220;at\u00e9 o Diabo respeita&#8221;. Mam\u00e3e recusava. At\u00e9 que decidiu negociar e disse, &#8220;s\u00f3 vou a Budapest se voc\u00ea aceitar ir comigo a Veneza&#8221;. Era minha vez de recusar. Nunca tive atra\u00e7\u00e3o por Veneza porque sempre tive certeza de que era um cidade cenogr\u00e1frica criada pelos est\u00fadios de Hollywwod. Mas, eu queria e precisava ir a Budapest.<\/p>\n\n\n\n<p>Aceitei.<\/p>\n\n\n\n<p>O Muro de Berlim havia ca\u00eddo pouco tempo antes e os pa\u00edses que integravam a Uni\u00e3o Sov\u00e9tica viviam um certo tumulto. Na fronteira, fomos paradas. N\u00e3o t\u00ednhamos visto. Como assim, me d\u00e3o todas as informa\u00e7\u00f5es para chegar, me d\u00e3o os microfilmes e n\u00e3o me avisam do visto.<\/p>\n\n\n\n<p>Entrei em p\u00e2nico. Morta de p\u00e2nico n\u00e3o por causa do pobre do funcion\u00e1rio da fronteira com um casaco que n\u00e3o segurava aquela temperatura. Meu p\u00e2nico era mam\u00e3e descobrir o qu\u00ea eu estava aprontando. Depois de v\u00e1rias negocia\u00e7\u00f5es das quais participou o embaixador do Brasil, fomos liberadas. Entramos naquele pa\u00eds que exerce em mim tanto fasc\u00ednio.<\/p>\n\n\n\n<p>Hotel G\u00e9llert e a \u00fanica l\u00edngua que eles falam al\u00e9m de h\u00fangaro \u00e9 alem\u00e3o. Ainda bem que sei alguma coisa de alem\u00e3o e de fome n\u00e3o ia morrer. Cumpri a tarefa e s\u00f3 contei pra mam\u00e3e quando ela fez 80 anos. Ela s\u00f3 fez rir.<\/p>\n\n\n\n<p>Mam\u00e3e amou Budapest. Passamos o tempo andando a p\u00e9 por Pest, e o Dan\u00fabio, cinza.<\/p>\n\n\n\n<p>Enfim, voltamos e eu assim um tanto reticente porque ia chegar em Veneza. N\u00e3o estava psicologicamente prepara para uma cidade cenogr\u00e1fica.<\/p>\n\n\n\n<p>Mal descemos na esta\u00e7\u00e3o meu cora\u00e7\u00e3o disparou. Fiquei tonta. Foi como se o planeta tivesse parado rota\u00e7\u00e3o e transla\u00e7\u00e3o. Mam\u00e3e foi descansar e eu andei pela cidade sozinha, sem me perder, por mais de cinco horas. N\u00e3o era cenogr\u00e1fica. Era a cidade onde os anjos dormem e a \u00fanica rima que encontrei para descrever foi &#8220;Beleza&#8221;.<\/p>\n\n\n\n<p>No dia seguinte, muito, muito frio, fomos andando para encontrar um lugar simp\u00e1tico para almo\u00e7ar. Mam\u00e3e parou em frente ao mar Adri\u00e1tico. Havia g\u00f4ndolas ao fundo e eu disse, &#8220;pare, minha senhora. Eu quero essa foto&#8221;<\/p>\n\n\n\n<p>E a\u00ed est\u00e1 mam\u00e3e. Linda<\/p>\n","protected":false},"excerpt":{"rendered":"<p>Budapest sempre foi uma cidade que me atra\u00edu. O fato de saber que em 1900, aquela cidade vibrante abrigava 19 jornais di\u00e1rios, al\u00e9m de ser a terra de tantos escritores que me fascinam, s\u00e3o motivos suficientes. Estava com mam\u00e3e em Paris e decidimos ir a Viena, que fica a tr\u00eas horas de Budapest. Al\u00e9m disso, [&hellip;]<\/p>\n","protected":false},"author":1,"featured_media":0,"comment_status":"open","ping_status":"","sticky":false,"template":"","format":"standard","meta":{"_s2mail":"yes","footnotes":""},"categories":[3],"tags":[],"class_list":["post-472","post","type-post","status-publish","format-standard","hentry","category-general"],"_links":{"self":[{"href":"https:\/\/memeliamoreira.com\/blog1\/wp-json\/wp\/v2\/posts\/472","targetHints":{"allow":["GET"]}}],"collection":[{"href":"https:\/\/memeliamoreira.com\/blog1\/wp-json\/wp\/v2\/posts"}],"about":[{"href":"https:\/\/memeliamoreira.com\/blog1\/wp-json\/wp\/v2\/types\/post"}],"author":[{"embeddable":true,"href":"https:\/\/memeliamoreira.com\/blog1\/wp-json\/wp\/v2\/users\/1"}],"replies":[{"embeddable":true,"href":"https:\/\/memeliamoreira.com\/blog1\/wp-json\/wp\/v2\/comments?post=472"}],"version-history":[{"count":3,"href":"https:\/\/memeliamoreira.com\/blog1\/wp-json\/wp\/v2\/posts\/472\/revisions"}],"predecessor-version":[{"id":476,"href":"https:\/\/memeliamoreira.com\/blog1\/wp-json\/wp\/v2\/posts\/472\/revisions\/476"}],"wp:attachment":[{"href":"https:\/\/memeliamoreira.com\/blog1\/wp-json\/wp\/v2\/media?parent=472"}],"wp:term":[{"taxonomy":"category","embeddable":true,"href":"https:\/\/memeliamoreira.com\/blog1\/wp-json\/wp\/v2\/categories?post=472"},{"taxonomy":"post_tag","embeddable":true,"href":"https:\/\/memeliamoreira.com\/blog1\/wp-json\/wp\/v2\/tags?post=472"}],"curies":[{"name":"wp","href":"https:\/\/api.w.org\/{rel}","templated":true}]}}