{"id":464,"date":"2024-02-20T15:00:00","date_gmt":"2024-02-20T20:00:00","guid":{"rendered":"https:\/\/memeliamoreira.com\/blog1\/?p=464"},"modified":"2024-02-27T14:39:02","modified_gmt":"2024-02-27T19:39:02","slug":"os-indignados","status":"publish","type":"post","link":"https:\/\/memeliamoreira.com\/blog1\/2024\/02\/20\/os-indignados\/","title":{"rendered":"OS INDIGNADOS"},"content":{"rendered":"\n<p>Sei que \u00e9 pedir muito, mas eu gostaria de ter visto a mesma indigna\u00e7\u00e3o que os colunistas DORA KRAMER, VERA MAGALH\u00c3ES E MERVAL PEREIRA, GUGA CHAKRA e e outros do segundo escal\u00e3o demonstraram contra a fala de Lula comparando os holocaustos contra os judeus e palestinos.<\/p>\n\n\n\n<p>Repito, a palavra <a href=\"https:\/\/www.facebook.com\/hashtag\/holocausto?__eep__=6&amp;__cft__[0]=AZUsBUYkJkOg_1jRxLCYAsCK20Kx-qes5HxZpI2Gi1TFiaKtgsK9KkPkuIfba3pVHTYS4K0xlBn1pdEaNIjGY4YBF0f3KfAp3BocAfcWyDg24JZFETBPZBw1z56CJEKpXaAm0K78rWdb7pqntNAZL4AN&amp;__tn__=*NK-R\">#Holocausto<\/a>&#8221; n\u00e3o \u00e9 reserva de mercado do povo judeu. De origem grega, a palavra holocausto, <a href=\"https:\/\/www.facebook.com\/hashtag\/shoa?__eep__=6&amp;__cft__[0]=AZUsBUYkJkOg_1jRxLCYAsCK20Kx-qes5HxZpI2Gi1TFiaKtgsK9KkPkuIfba3pVHTYS4K0xlBn1pdEaNIjGY4YBF0f3KfAp3BocAfcWyDg24JZFETBPZBw1z56CJEKpXaAm0K78rWdb7pqntNAZL4AN&amp;__tn__=*NK-R\">#Shoa<\/a>, em hebraico, siginifica literalmente, &#8220;destrui\u00e7\u00e3o, ru\u00edna, cat\u00e1strofe&#8221;.<\/p>\n\n\n\n<p>E o que \u00e9 <a><\/a>que est\u00e1 acontecendo agora na Palestina? Destrui\u00e7\u00e3o total. At\u00e9 mesmo a secular universidade foi bombardeada e restam escombros. Aqueles que tem escapado dos ataques di\u00e1rios de bombas n\u00e3o tem casa para morar porque foram destru\u00eddas pelos bombardeios do Estado de Israel.<\/p>\n\n\n\n<p>E o que s\u00e3o os campos de refugiados dos palestinos? Uma vers\u00e3o moderna dos guetos impostos pelo Nazismo. E se espalham pelo Oriente M\u00e9dio.<\/p>\n\n\n\n<p>S\u00f3 por um detalhe, Netanyahu, ao contr\u00e1rio de Hitler n\u00e3o vai conseguir exterminar seis milh\u00f5es de palestinos. Simplesmente porque 5,9 milh\u00f5es de palestinos est\u00e3o nos guetos modernos, em condi\u00e7\u00f5es prec\u00e1rias, com a ajuda da ONU.<\/p>\n\n\n\n<p>Sim, o que est\u00e1 acontecendo hoje em Gaza \u00e9 um holocausto. Doa a quem doer, essa \u00e9 a palavra que na pr\u00f3pria l\u00edngua falada em Israel significa &#8220;destrui\u00e7\u00e3o, ru\u00edna, cat\u00e1strofe&#8221;.<\/p>\n\n\n\n<p>E h\u00e1 exatos 138 dias, um povo inteiro vem sendo destru\u00eddo, suas vidas, arruinadas e cat\u00e1strofe soa suave para mais de um milh\u00e3o de pessoas que est\u00e3o passando fome porque nem a chamada ajuda humanit\u00e1ria consegue cruzar as fronteiras para lhes levar p\u00e3o.<\/p>\n\n\n\n<p>Portanto, eu realmente espero que o n\u00edvel de hipocrisia dessa indigna\u00e7\u00e3o seletiva se limite \u00e0s suas conversinhas amig\u00e1veis de jornalistas no final do dia.<\/p>\n\n\n\n<p>Lula n\u00e3o errou. Ele apenas apontou o dedo e disse que o rei est\u00e1 nu.<\/p>\n","protected":false},"excerpt":{"rendered":"<p>Sei que \u00e9 pedir muito, mas eu gostaria de ter visto a mesma indigna\u00e7\u00e3o que os colunistas DORA KRAMER, VERA MAGALH\u00c3ES E MERVAL PEREIRA, GUGA CHAKRA e e outros do segundo escal\u00e3o demonstraram contra a fala de Lula comparando os holocaustos contra os judeus e palestinos. Repito, a palavra #Holocausto&#8221; n\u00e3o \u00e9 reserva de mercado [&hellip;]<\/p>\n","protected":false},"author":2,"featured_media":0,"comment_status":"open","ping_status":"","sticky":true,"template":"","format":"standard","meta":{"_s2mail":"yes","footnotes":""},"categories":[3],"tags":[],"class_list":["post-464","post","type-post","status-publish","format-standard","hentry","category-general"],"_links":{"self":[{"href":"https:\/\/memeliamoreira.com\/blog1\/wp-json\/wp\/v2\/posts\/464","targetHints":{"allow":["GET"]}}],"collection":[{"href":"https:\/\/memeliamoreira.com\/blog1\/wp-json\/wp\/v2\/posts"}],"about":[{"href":"https:\/\/memeliamoreira.com\/blog1\/wp-json\/wp\/v2\/types\/post"}],"author":[{"embeddable":true,"href":"https:\/\/memeliamoreira.com\/blog1\/wp-json\/wp\/v2\/users\/2"}],"replies":[{"embeddable":true,"href":"https:\/\/memeliamoreira.com\/blog1\/wp-json\/wp\/v2\/comments?post=464"}],"version-history":[{"count":2,"href":"https:\/\/memeliamoreira.com\/blog1\/wp-json\/wp\/v2\/posts\/464\/revisions"}],"predecessor-version":[{"id":503,"href":"https:\/\/memeliamoreira.com\/blog1\/wp-json\/wp\/v2\/posts\/464\/revisions\/503"}],"wp:attachment":[{"href":"https:\/\/memeliamoreira.com\/blog1\/wp-json\/wp\/v2\/media?parent=464"}],"wp:term":[{"taxonomy":"category","embeddable":true,"href":"https:\/\/memeliamoreira.com\/blog1\/wp-json\/wp\/v2\/categories?post=464"},{"taxonomy":"post_tag","embeddable":true,"href":"https:\/\/memeliamoreira.com\/blog1\/wp-json\/wp\/v2\/tags?post=464"}],"curies":[{"name":"wp","href":"https:\/\/api.w.org\/{rel}","templated":true}]}}