{"id":461,"date":"2024-02-21T14:42:43","date_gmt":"2024-02-21T19:42:43","guid":{"rendered":"https:\/\/memeliamoreira.com\/blog1\/?p=461"},"modified":"2024-02-24T08:53:52","modified_gmt":"2024-02-24T13:53:52","slug":"terroristas","status":"publish","type":"post","link":"https:\/\/memeliamoreira.com\/blog1\/2024\/02\/21\/terroristas\/","title":{"rendered":"TERRORISTAS"},"content":{"rendered":"\n<p><\/p>\n\n\n\n<p>John Adams, o segundo presidente dos Estados Unidos e considerado um dos &#8220;fundadores&#8221; do pa\u00eds, era terrorista. Promoveu in\u00fameras a\u00e7\u00f5es de sabotagem <a><\/a>contra a Inglaterra, na \u00e9poca governada pelo rei George III.<\/p>\n\n\n\n<p>Os revolucion\u00e1rios franceses que derrubaram a mais absolutista das monarquias e passaram a guilhotinar reis e nobres, tamb\u00e9m eram terroristas. Foi l\u00e1 que a palavra triunfou.<\/p>\n\n\n\n<p>Toussaint l&#8217; Overture, her\u00f3i da independ\u00eancia do Haiti, em 1804, era terrorista e morreu numa pris\u00e3o francesa.<\/p>\n\n\n\n<p>Mas, com a pris\u00e3o dos &#8220;terroristas&#8221; franceses o termo ficou escondido por mais de tr\u00eas s\u00e9culos at\u00e9 que nos anos 60, os combatentes da FLN que lutavam pela independ\u00eancia da Arg\u00e9lia contra o dom\u00ednio franc\u00eas foram &#8220;agraciados&#8221; pelo adjetivo. O Estado franc\u00eas se encarregou de resgat\u00e1-lo. Mas o grupo paramilitar de extrema direita da OAS (Organisation Arm\u00e9e Secr\u00e8te) que inculsive tentou matar o general de Gaulle, jamais foi chamada de terrorista. Porque a express\u00e3o &#8220;terrorista&#8221; jamais se aplica \u00e0 Direita.<\/p>\n\n\n\n<p>Quem gostou muito da retomada do termo foi o os EUA que, dois anos depois da independ\u00eancia da Arg\u00e9lia, come\u00e7ava a implantar ditaduras de norte a sul da Am\u00e9rica Latina. E a linguagem escolhida pelo Imp\u00e9rio para assustar aquelas camadas da popula\u00e7\u00e3o desinformada e miser\u00e1vel demais para se informarem, foi a linguagem do medo. Nada melhor do que o uso da palavras palavras &#8220;&#8221;terror&#8221; e &#8220;terrorrista&#8221;, porque no inconsciente coletivo elas est\u00e3o associadas a viol\u00eancias, torturas, mortes.<\/p>\n\n\n\n<p>E foi assim que a palavra &#8220;terrorista&#8221; iniciou uma nova era. Ela serviu e vem servindo h\u00e1 mais de s\u00e9culos para designar povos ou movimentos que se levantam contra Estados ou sistemas pol\u00edticos que vampirizam corpos e mentes dos miser\u00e1veis.<\/p>\n\n\n\n<p>E com essa palavra m\u00e1gica, floresceram ent\u00e3o as ditaduras no continente latino-americano, todas elas sob o manto protetor dos EUA.<\/p>\n\n\n\n<p>parir da\u00ed, pol\u00edticos que se opunham \u00e0 domina\u00e7\u00e3o do Imp\u00e9rio carregavam nas costas o aposto &#8220;terrorista&#8221;. Do Brasil \u00e0 Col\u00f4mbia, da Argentina \u00e0 Bol\u00edvia, do Uruguai ao Chile, os terroristas se espalhavam lutando em favor das liberdades.<\/p>\n\n\n\n<p>Deu certo por muito tempo, mas o desespero do povo desvitalizou a palavra. Ela perdeu a for\u00e7a e migrou para outros continentes onde os povos come\u00e7avam identificar os respons\u00e1veis por suas desumanas condi\u00e7\u00f5es de vida.<\/p>\n\n\n\n<p>A situa\u00e7\u00e3o ficou t\u00e3o s\u00e9ria que a ONU decidiu criar um grupo de estudos para classificar o que \u00e9 e o que n\u00e3o \u00e9 terrorismo. O grupo foi criado nos anos 90 mas, at\u00e9 hoje n\u00e3o avan\u00e7ou. Esse impasse s\u00f3 favorece os imp\u00e9rios que, controlando todos os meios de informa\u00e7\u00e3o, rotulam todos aqueles que se op\u00f5em o poder dos novos colonialismo.<\/p>\n\n\n\n<p>No meu dicion\u00e1rio pessoal e, n\u00e3o autorizado, &#8220;terrorista&#8221; \u00e9 toda aquela pessoa ou grupo que luta pela soberania de seu pa\u00eds e pela liberdade do seu povo.<\/p>\n\n\n\n<p>E a Hist\u00f3ria est\u00e1 a\u00ed para me proteger.<\/p>\n","protected":false},"excerpt":{"rendered":"<p>John Adams, o segundo presidente dos Estados Unidos e considerado um dos &#8220;fundadores&#8221; do pa\u00eds, era terrorista. Promoveu in\u00fameras a\u00e7\u00f5es de sabotagem contra a Inglaterra, na \u00e9poca governada pelo rei George III. Os revolucion\u00e1rios franceses que derrubaram a mais absolutista das monarquias e passaram a guilhotinar reis e nobres, tamb\u00e9m eram terroristas. Foi l\u00e1 que [&hellip;]<\/p>\n","protected":false},"author":2,"featured_media":0,"comment_status":"open","ping_status":"","sticky":false,"template":"","format":"standard","meta":{"_s2mail":"yes","footnotes":""},"categories":[3],"tags":[],"class_list":["post-461","post","type-post","status-publish","format-standard","hentry","category-general"],"_links":{"self":[{"href":"https:\/\/memeliamoreira.com\/blog1\/wp-json\/wp\/v2\/posts\/461","targetHints":{"allow":["GET"]}}],"collection":[{"href":"https:\/\/memeliamoreira.com\/blog1\/wp-json\/wp\/v2\/posts"}],"about":[{"href":"https:\/\/memeliamoreira.com\/blog1\/wp-json\/wp\/v2\/types\/post"}],"author":[{"embeddable":true,"href":"https:\/\/memeliamoreira.com\/blog1\/wp-json\/wp\/v2\/users\/2"}],"replies":[{"embeddable":true,"href":"https:\/\/memeliamoreira.com\/blog1\/wp-json\/wp\/v2\/comments?post=461"}],"version-history":[{"count":3,"href":"https:\/\/memeliamoreira.com\/blog1\/wp-json\/wp\/v2\/posts\/461\/revisions"}],"predecessor-version":[{"id":483,"href":"https:\/\/memeliamoreira.com\/blog1\/wp-json\/wp\/v2\/posts\/461\/revisions\/483"}],"wp:attachment":[{"href":"https:\/\/memeliamoreira.com\/blog1\/wp-json\/wp\/v2\/media?parent=461"}],"wp:term":[{"taxonomy":"category","embeddable":true,"href":"https:\/\/memeliamoreira.com\/blog1\/wp-json\/wp\/v2\/categories?post=461"},{"taxonomy":"post_tag","embeddable":true,"href":"https:\/\/memeliamoreira.com\/blog1\/wp-json\/wp\/v2\/tags?post=461"}],"curies":[{"name":"wp","href":"https:\/\/api.w.org\/{rel}","templated":true}]}}